{"id":2025,"date":"2023-05-28T15:59:14","date_gmt":"2023-05-28T12:59:14","guid":{"rendered":"http:\/\/www.univ-oeb.dz\/vrfg\/?p=2025"},"modified":"2023-05-28T15:59:15","modified_gmt":"2023-05-28T12:59:15","slug":"demande-de-reintegration-apres-suspension-de-formation-et-de-vacances-academiques","status":"publish","type":"post","link":"https:\/\/www.univ-oeb.dz\/vrfg\/fr\/demande-de-reintegration-apres-suspension-de-formation-et-de-vacances-academiques\/","title":{"rendered":"Demande de r\u00e9int\u00e9gration apr\u00e8s suspension de formation et de vacances acad\u00e9miques"},"content":{"rendered":"","protected":false},"excerpt":{"rendered":"","protected":false},"author":1,"featured_media":1347,"comment_status":"closed","ping_status":"closed","sticky":false,"template":"","format":"standard","meta":{"footnotes":""},"categories":[92],"tags":[],"class_list":["post-2025","post","type-post","status-publish","format-standard","has-post-thumbnail","hentry","category-reintegration-fr"],"_links":{"self":[{"href":"https:\/\/www.univ-oeb.dz\/vrfg\/wp-json\/wp\/v2\/posts\/2025","targetHints":{"allow":["GET"]}}],"collection":[{"href":"https:\/\/www.univ-oeb.dz\/vrfg\/wp-json\/wp\/v2\/posts"}],"about":[{"href":"https:\/\/www.univ-oeb.dz\/vrfg\/wp-json\/wp\/v2\/types\/post"}],"author":[{"embeddable":true,"href":"https:\/\/www.univ-oeb.dz\/vrfg\/wp-json\/wp\/v2\/users\/1"}],"replies":[{"embeddable":true,"href":"https:\/\/www.univ-oeb.dz\/vrfg\/wp-json\/wp\/v2\/comments?post=2025"}],"version-history":[{"count":1,"href":"https:\/\/www.univ-oeb.dz\/vrfg\/wp-json\/wp\/v2\/posts\/2025\/revisions"}],"predecessor-version":[{"id":2032,"href":"https:\/\/www.univ-oeb.dz\/vrfg\/wp-json\/wp\/v2\/posts\/2025\/revisions\/2032"}],"wp:featuredmedia":[{"embeddable":true,"href":"https:\/\/www.univ-oeb.dz\/vrfg\/wp-json\/wp\/v2\/media\/1347"}],"wp:attachment":[{"href":"https:\/\/www.univ-oeb.dz\/vrfg\/wp-json\/wp\/v2\/media?parent=2025"}],"wp:term":[{"taxonomy":"category","embeddable":true,"href":"https:\/\/www.univ-oeb.dz\/vrfg\/wp-json\/wp\/v2\/categories?post=2025"},{"taxonomy":"post_tag","embeddable":true,"href":"https:\/\/www.univ-oeb.dz\/vrfg\/wp-json\/wp\/v2\/tags?post=2025"}],"curies":[{"name":"wp","href":"https:\/\/api.w.org\/{rel}","templated":true}]}}