{"id":9054,"date":"2024-11-26T15:30:23","date_gmt":"2024-11-26T14:30:23","guid":{"rendered":"https:\/\/www.univ-oeb.dz\/siteweb\/?p=9054"},"modified":"2024-11-26T19:18:19","modified_gmt":"2024-11-26T18:18:19","slug":"pre-evaluation-des-acquis-dapprentissage-pour-les-enseignants-et-les-etudiants-algerie","status":"publish","type":"post","link":"https:\/\/www.univ-oeb.dz\/siteweb\/pre-evaluation-des-acquis-dapprentissage-pour-les-enseignants-et-les-etudiants-algerie\/","title":{"rendered":"Pr\u00e9-\u00e9valuation des acquis d\u2019apprentissage pour les enseignants et les \u00e9tudiants (Alg\u00e9rie)"},"content":{"rendered":"<p>Dans le cadre du projet&nbsp;<b>VRinVET<\/b>, soutenu par le programme&nbsp;<b>ERASMUS+<\/b>, nous avons l\u2019opportunit\u00e9 de participer \u00e0 une initiative ambitieuse visant \u00e0 r\u00e9volutionner l\u2019enseignement sup\u00e9rieur et la formation professionnelle. Ce projet repose sur l\u2019int\u00e9gration de m\u00e9thodes p\u00e9dagogiques novatrices, bas\u00e9es sur les technologies num\u00e9riques, et notamment sur la&nbsp;<b>R\u00e9alit\u00e9 Virtuelle (VR)<\/b>.<br \/>\n&nbsp;<br \/>\nFace aux d\u00e9fis contemporains de l\u2019\u00e9ducation,&nbsp;<b>VRinVET<\/b>&nbsp;s\u2019engage \u00e0 renforcer les capacit\u00e9s des dirigeants, enseignants et \u00e9tudiants tout en favorisant des approches collaboratives et cr\u00e9atives. L\u2019objectif est de former des acteurs cl\u00e9s capables d\u2019exploiter pleinement les technologies \u00e9ducatives du XXIe si\u00e8cle, contribuant ainsi \u00e0 un apprentissage plus riche et engageant.<br \/>\n&nbsp;<br \/>\nDans ce contexte, nous lan\u00e7ons une enqu\u00eate intitul\u00e9e :<br \/>\n&nbsp;<br \/>\n<b>Pr\u00e9-\u00e9valuation des acquis d\u2019apprentissage pour les enseignants et les \u00e9tudiants (Alg\u00e9rie)<\/b><br \/>\n&nbsp;<br \/>\nCette enqu\u00eate a pour objectif d\u2019\u00e9valuer les connaissances, comp\u00e9tences et attitudes de la communaut\u00e9 universitaire \u00e0 l\u2019\u00e9gard de l\u2019utilisation de la VR dans l\u2019enseignement professionnel. Elle s\u2019adresse \u00e0 tous, que vous soyez d\u00e9j\u00e0 familiers avec cette technologie ou que vous la d\u00e9couvriez.<br \/>\n<b>&nbsp;<\/b><br \/>\n<b>Vos retours nous aideront \u00e0 :<\/b>&nbsp;<\/p>\n<ul>\n<li>Identifier les priorit\u00e9s et opportunit\u00e9s pour l\u2019int\u00e9gration de la VR dans la formation professionnelle.<\/li>\n<li>\u00c9valuer l\u2019impact et l\u2019efficacit\u00e9 des supports p\u00e9dagogiques en VR.<\/li>\n<li>D\u00e9velopper des strat\u00e9gies \u00e9ducatives adapt\u00e9es aux besoins et r\u00e9alit\u00e9s locales.<\/li>\n<\/ul>\n<p><b>&nbsp;<\/b><b style=\"color: #000000; font-family: var( --e-global-typography-text-font-family ), Sans-serif;\">\u00c0 propos du sondage&nbsp;:<\/b><br \/>\nLe sondage est volontaire, anonyme et confidentiel. Il ne prendra que&nbsp;<b>10 \u00e0 15 minutes<\/b>&nbsp;de votre temps.<br \/>\n<b>&nbsp;<\/b><b style=\"color: #000000; font-family: var( --e-global-typography-text-font-family ), Sans-serif;\">Liens pour les sondages :<\/b><br \/>\n&nbsp;<br \/>\n<a href=\"https:\/\/forms.office.com\/Pages\/ResponsePage.aspx?id=4vlNHTkkTUWRK5O79_crlwyTMuJwy0dNtO315XZ4sutUOEFBRDI0R04xTjg4TDdJMzNOVkhIS0s3WC4u\" target=\"_blank\" rel=\"noreferrer noopener\">Sondage pour les enseignants<\/a><br \/>\n&nbsp;<br \/>\n&nbsp;<br \/>\n<a href=\"https:\/\/forms.office.com\/Pages\/ResponsePage.aspx?id=h9lr_Y3_cUy3YgIidGDjScLc3u_sD6ZIrAEDRoX6j-lUQzNXMzdCRUk0TFhWWDFNUlBLN1paWlIzUy4u\" target=\"_blank\" rel=\"noreferrer noopener\">Sondage pour les \u00e9tudiants<\/a><br \/>\n<b>&nbsp;<\/b><br \/>\nDes questionnaires traduits sont \u00e9galement disponibles en format PDF dans d\u2019autres langues :<\/p>\n<ul>\n<li><b>Arabe<\/b>&nbsp;:&nbsp;<a href=\"https:\/\/www.univ-oeb.dz\/siteweb\/wp-content\/uploads\/2024\/11\/\u0627\u0633\u062a\u0628\u064a\u0627\u0646-\u0627\u0644\u062a\u0642\u064a\u064a\u0645-\u0627\u0644\u0645\u0633\u0628\u0642-\u0644\u0644\u0623\u0633\u0627\u062a\u0630\u0629-VRinVET.pdf\" target=\"_blank\" rel=\"noopener\"><b>\u0627\u0633\u062a\u0628\u064a\u0627\u0646 \u0627\u0644\u0623\u0633\u0627\u062a\u0630\u0629<\/b><\/a>&nbsp;|&nbsp;<a href=\"https:\/\/www.univ-oeb.dz\/siteweb\/wp-content\/uploads\/2024\/11\/\u0627\u0633\u062a\u0628\u064a\u0627\u0646-\u0627\u0644\u062a\u0642\u064a\u064a\u0645-\u0627\u0644\u0645\u0633\u0628\u0642-\u0644\u0644\u0637\u0644\u0627\u0628-VRinVET.pdf\" target=\"_blank\" rel=\"noopener\"><b>\u0627\u0633\u062a\u0628\u064a\u0627\u0646 \u0627\u0644\u0637\u0644\u0627\u0628<\/b><\/a><\/li>\n<li><b>Fran\u00e7ais<\/b>&nbsp;:&nbsp;<a href=\"https:\/\/www.univ-oeb.dz\/siteweb\/wp-content\/uploads\/2024\/11\/Questionnaire-de-pre-Enseignants-VRinVET.pdf\" target=\"_blank\" rel=\"noopener\"><b>Questionnaire Enseignants<\/b><\/a><b>&nbsp;|&nbsp;<\/b><a href=\"https:\/\/www.univ-oeb.dz\/siteweb\/wp-content\/uploads\/2024\/11\/Questionnaire-de-pre-Etudiants-VRinVET.pdf\" target=\"_blank\" rel=\"noopener\"><b>Questionnaire \u00c9tudiants<\/b><\/a><\/li>\n<\/ul>\n<p>\t\t\t\t\t\t\t\t\t\t\t\t\t<img loading=\"lazy\" decoding=\"async\" width=\"1241\" height=\"1755\" src=\"https:\/\/www.univ-oeb.dz\/siteweb\/wp-content\/uploads\/2024\/11\/Affiche-Pre-assessment-Projet-VRinVET-FR.jpg\" alt=\"\" srcset=\"https:\/\/www.univ-oeb.dz\/siteweb\/wp-content\/uploads\/2024\/11\/Affiche-Pre-assessment-Projet-VRinVET-FR.jpg 1241w, https:\/\/www.univ-oeb.dz\/siteweb\/wp-content\/uploads\/2024\/11\/Affiche-Pre-assessment-Projet-VRinVET-FR-212x300.jpg 212w, https:\/\/www.univ-oeb.dz\/siteweb\/wp-content\/uploads\/2024\/11\/Affiche-Pre-assessment-Projet-VRinVET-FR-724x1024.jpg 724w, https:\/\/www.univ-oeb.dz\/siteweb\/wp-content\/uploads\/2024\/11\/Affiche-Pre-assessment-Projet-VRinVET-FR-768x1086.jpg 768w, https:\/\/www.univ-oeb.dz\/siteweb\/wp-content\/uploads\/2024\/11\/Affiche-Pre-assessment-Projet-VRinVET-FR-1086x1536.jpg 1086w\" sizes=\"(max-width: 1241px) 100vw, 1241px\" \/><\/p>\n","protected":false},"excerpt":{"rendered":"<p>Dans le cadre du projet&nbsp;VRinVET, soutenu par le programme&nbsp;ERASMUS+, nous avons l\u2019opportunit\u00e9 de participer \u00e0 une initiative ambitieuse visant \u00e0 r\u00e9volutionner l\u2019enseignement sup\u00e9rieur et la formation professionnelle. Ce projet repose sur l\u2019int\u00e9gration de m\u00e9thodes p\u00e9dagogiques novatrices, bas\u00e9es sur les technologies num\u00e9riques, et notamment sur la&nbsp;R\u00e9alit\u00e9 Virtuelle (VR). &nbsp; Face aux d\u00e9fis contemporains de l\u2019\u00e9ducation,&nbsp;VRinVET&nbsp;s\u2019engage \u00e0 &hellip;<\/p>\n","protected":false},"author":1,"featured_media":9057,"comment_status":"closed","ping_status":"closed","sticky":false,"template":"","format":"standard","meta":{"footnotes":""},"categories":[3],"tags":[],"class_list":["post-9054","post","type-post","status-publish","format-standard","has-post-thumbnail","hentry","category-actulalites"],"_links":{"self":[{"href":"https:\/\/www.univ-oeb.dz\/siteweb\/wp-json\/wp\/v2\/posts\/9054"}],"collection":[{"href":"https:\/\/www.univ-oeb.dz\/siteweb\/wp-json\/wp\/v2\/posts"}],"about":[{"href":"https:\/\/www.univ-oeb.dz\/siteweb\/wp-json\/wp\/v2\/types\/post"}],"author":[{"embeddable":true,"href":"https:\/\/www.univ-oeb.dz\/siteweb\/wp-json\/wp\/v2\/users\/1"}],"replies":[{"embeddable":true,"href":"https:\/\/www.univ-oeb.dz\/siteweb\/wp-json\/wp\/v2\/comments?post=9054"}],"version-history":[{"count":25,"href":"https:\/\/www.univ-oeb.dz\/siteweb\/wp-json\/wp\/v2\/posts\/9054\/revisions"}],"predecessor-version":[{"id":9089,"href":"https:\/\/www.univ-oeb.dz\/siteweb\/wp-json\/wp\/v2\/posts\/9054\/revisions\/9089"}],"wp:featuredmedia":[{"embeddable":true,"href":"https:\/\/www.univ-oeb.dz\/siteweb\/wp-json\/wp\/v2\/media\/9057"}],"wp:attachment":[{"href":"https:\/\/www.univ-oeb.dz\/siteweb\/wp-json\/wp\/v2\/media?parent=9054"}],"wp:term":[{"taxonomy":"category","embeddable":true,"href":"https:\/\/www.univ-oeb.dz\/siteweb\/wp-json\/wp\/v2\/categories?post=9054"},{"taxonomy":"post_tag","embeddable":true,"href":"https:\/\/www.univ-oeb.dz\/siteweb\/wp-json\/wp\/v2\/tags?post=9054"}],"curies":[{"name":"wp","href":"https:\/\/api.w.org\/{rel}","templated":true}]}}