{"id":540,"date":"2022-02-23T14:01:59","date_gmt":"2022-02-23T13:01:59","guid":{"rendered":"http:\/\/www.univ-oeb.dz\/?p=540"},"modified":"2023-12-20T13:19:09","modified_gmt":"2023-12-20T12:19:09","slug":"institut-des-sciences-et-des-techniques-appliquees","status":"publish","type":"post","link":"https:\/\/www.univ-oeb.dz\/siteweb\/institut-des-sciences-et-des-techniques-appliquees\/","title":{"rendered":"Institut des sciences et des techniques appliqu\u00e9es"},"content":{"rendered":"<blockquote class=\"quote-simple\"><p><strong>Les formations dispens\u00e9es, par l\u2019Institut de Technologie de Ain M\u2019Lila, ont pour objectifs de former des cadres de niveau ma\u00eetrise pour le secteur \u00e9conomique. L\u2019intervention des professionnels et les stages en entreprises visent \u00e0 donner aux dipl\u00f4m\u00e9s des comp\u00e9tences r\u00e9elles leurs permettant ainsi l\u2019insertion rapide dans le monde du travail. Cet Institut n\u2019a pas pour vocation de dispenser d\u2019autres types de formation.<\/strong><\/p><\/blockquote>\n<p>Ces formations constituent une alternative pour les formations classiques, et se proposent de r\u00e9pondre aux besoins du march\u00e9 du travail. C\u2019est pourquoi, elles sont adapt\u00e9es aux besoins du tissu \u00e9conomique r\u00e9gional.<\/p>\n<h3><strong><span style=\"color: #ff0000;\">Le lien internet de l\u2019Institut:<\/span>\u00a0<span style=\"color: #3366ff;\"><a style=\"color: #3366ff;\" href=\"http:\/\/www.univ-oeb.dz\/ista\/fr\/\" target=\"_blank\" rel=\"noopener\">http:\/\/www.univ-oeb.dz\/ista\/fr\/<\/a><\/span><\/strong><\/h3>\n<h3><strong>Les attendus professionnels<\/strong><\/h3>\n<p>Les formations dispens\u00e9es, par l\u2019Institut de Technologie de Ain M\u2019Lila, ont pour objectifs de former des cadres de niveau ma\u00eetrise pour le secteur \u00e9conomique. L\u2019intervention des professionnels et les stages en entreprises visent \u00e0 donner aux diplom\u00e9s des comp\u00e9tences r\u00e9elles leurs permettant ainsi l\u2019insertion rapide dans le monde du travail. Cet Institut n\u2019a pas pour vocation de dispenser d\u2019autres types de formation.<\/p>\n<h3><strong>Qualifications du Dipl\u00f4m\u00e9 en Gestion des Entreprises et des Administrations<\/strong><\/h3>\n<p>Le titulaire d\u2019une licence en Gestion des Entreprises et des Administrations est qualifi\u00e9 pour intervenir dans tous les secteurs industriels et administratifs. A titre d\u2019exemple, on peut citer les administrations de toutes les industries, les administrations publiques et les collectivit\u00e9s locales (minist\u00e8re, wilaya, Daira, commune,\u2026)<\/p>\n<h3>Les formations dispens\u00e9es<\/h3>\n<p>Les formations dispens\u00e9es, par l\u2019Institut de Technologie de Ain M\u2019Lila, sont au nombre de quatre licences professionnelles :<\/p>\n<blockquote class=\"quote-simple\"><p>Une licence professionnelle en \u00ab<em><strong>Gestion des Administrations et des Entreprises<\/strong><\/em>\u00bb, avec deux options en troisi\u00e8me ann\u00e9e :<\/p><\/blockquote>\n<ul>\n<li>Gestion des Ressources Humaines<\/li>\n<li>Comptabilit\u00e9 et Finances<\/li>\n<\/ul>\n<blockquote class=\"quote-simple\"><p>Une licence professionnelle en \u00ab<strong>Mesures Physiques<\/strong>\u00bb, avec deux options en troisi\u00e8me ann\u00e9e :<\/p><\/blockquote>\n<ul>\n<li>Mat\u00e9riaux et Contr\u00f4le Physico-Chimique<\/li>\n<li>Techniques Instrumentales<\/li>\n<\/ul>\n<blockquote class=\"quote-simple\"><p>Une licence professionnelle en \u00abR\u00e9seaux et T\u00e9l\u00e9communications \u00bb,<\/p>\n<p>Une licence professionnelle en \u00abSciences alimentaires\u00bb<\/p><\/blockquote>\n<h3>L\u2019encadrement P\u00e9dagogique mobilis\u00e9<\/h3>\n<p>Les \u00e9quipes p\u00e9dagogiques, issues pour la totalit\u00e9 du personnel enseignant de l\u2019universit\u00e9, sont mises en place. Les professionnels devant intervenir dans ces formations ont donn\u00e9 leurs accords de principe.<\/p>\n<h3>Les programmes p\u00e9dagogiques<\/h3>\n<p>Les programmes des formations des deux parcours ont \u00e9t\u00e9 \u00e9tablis en collaboration avec les IUT de France.<\/p>\n<h3>Les effectifs d\u2019\u00e9tudiants<\/h3>\n<p>Pour l\u2019ann\u00e9e 2015\/2016 les effectifs de \u00e9tudiants pour le d\u00e9partement de mesures physiques est 21 \u00e9tudiants et 32 \u00e9tudiants pour le d\u00e9partement de gestion des entreprises et des Administrations. Pour l\u2019ann\u00e9e 2016 \/2017 les effectifs d\u2019 \u00e9tudiants de premi\u00e8re ann\u00e9es sont estim\u00e9 de 50 \u00e9tudiants par d\u00e9partement.<\/p>\n<h3>L\u2019acquisition et la mise en places des \u00e9quipements de travaux pratiques<\/h3>\n<p>Une premi\u00e8re op\u00e9ration d\u2019acquisition des \u00e9quipements de travaux pratiques a \u00e9t\u00e9 finalis\u00e9e en 2015 et une deuxi\u00e8me op\u00e9ration est en cours.<\/p>\n<h3>Les infrastructures d\u00e9di\u00e9es<\/h3>\n<p>Les travaux de r\u00e9alisation de l\u2019Institut de Technologie \u00e0 Ain M\u2019Lila (1000 places p\u00e9dagogiques et une cit\u00e9 de 500 lits) ont \u00e9t\u00e9 lanc\u00e9 courant 2014 et les leurs r\u00e9ceptions sont pr\u00e9vus pour la rentr\u00e9e universitaire 2017\/2018. Les travaux avancent \u00e0 un rythme normal.<\/p>\n<p>Pour la rentr\u00e9e 2016-2017, comme pour l\u2019ann\u00e9e 2015-2016, un ancien bloc p\u00e9dagogique (Bloc F) a \u00e9t\u00e9 r\u00e9habilit\u00e9 pour accueillir provisoirement l\u2019Institut.<\/p>\n<h3>Les actions men\u00e9es en vue de l\u2019insertion des futurs dipl\u00f4m\u00e9s<\/h3>\n<p>Plusieurs contacts ont \u00e9t\u00e9s \u00e9tablis avec les repr\u00e9sentants du secteur \u00e9conomique, et les administrations publiques de la r\u00e9gion en vue de l\u2019insertion des futurs dipl\u00f4m\u00e9s.<\/p>\n<h3>Informations compl\u00e9mentaires<\/h3>\n<p>La convention sign\u00e9e entre l\u2019Institut de Technologie de Ain M\u2019Lila et l\u2019IUT Mesures Physiques de l\u2019Universit\u00e9 de Paris Sud Orsay, est une plate forme idoine pour les stages de perfectionnement des ing\u00e9nieurs de laboratoires et des enseignants. Il est imp\u00e9ratif de pr\u00e9voir un financement sp\u00e9cifique pour cette action.<\/p>\n","protected":false},"excerpt":{"rendered":"<p>Les formations dispens\u00e9es, par l\u2019Institut de Technologie de Ain M\u2019Lila, ont pour objectifs de former des cadres de niveau ma\u00eetrise pour le secteur \u00e9conomique. L\u2019intervention des professionnels et les stages en entreprises visent \u00e0 donner aux dipl\u00f4m\u00e9s des comp\u00e9tences r\u00e9elles leurs permettant ainsi l\u2019insertion rapide dans le monde du travail. Cet Institut n\u2019a pas pour &hellip;<\/p>\n","protected":false},"author":1,"featured_media":541,"comment_status":"closed","ping_status":"closed","sticky":false,"template":"","format":"standard","meta":{"footnotes":""},"categories":[115],"tags":[],"class_list":["post-540","post","type-post","status-publish","format-standard","has-post-thumbnail","hentry","category-facultes-et-instituts"],"_links":{"self":[{"href":"https:\/\/www.univ-oeb.dz\/siteweb\/wp-json\/wp\/v2\/posts\/540"}],"collection":[{"href":"https:\/\/www.univ-oeb.dz\/siteweb\/wp-json\/wp\/v2\/posts"}],"about":[{"href":"https:\/\/www.univ-oeb.dz\/siteweb\/wp-json\/wp\/v2\/types\/post"}],"author":[{"embeddable":true,"href":"https:\/\/www.univ-oeb.dz\/siteweb\/wp-json\/wp\/v2\/users\/1"}],"replies":[{"embeddable":true,"href":"https:\/\/www.univ-oeb.dz\/siteweb\/wp-json\/wp\/v2\/comments?post=540"}],"version-history":[{"count":8,"href":"https:\/\/www.univ-oeb.dz\/siteweb\/wp-json\/wp\/v2\/posts\/540\/revisions"}],"predecessor-version":[{"id":6513,"href":"https:\/\/www.univ-oeb.dz\/siteweb\/wp-json\/wp\/v2\/posts\/540\/revisions\/6513"}],"wp:featuredmedia":[{"embeddable":true,"href":"https:\/\/www.univ-oeb.dz\/siteweb\/wp-json\/wp\/v2\/media\/541"}],"wp:attachment":[{"href":"https:\/\/www.univ-oeb.dz\/siteweb\/wp-json\/wp\/v2\/media?parent=540"}],"wp:term":[{"taxonomy":"category","embeddable":true,"href":"https:\/\/www.univ-oeb.dz\/siteweb\/wp-json\/wp\/v2\/categories?post=540"},{"taxonomy":"post_tag","embeddable":true,"href":"https:\/\/www.univ-oeb.dz\/siteweb\/wp-json\/wp\/v2\/tags?post=540"}],"curies":[{"name":"wp","href":"https:\/\/api.w.org\/{rel}","templated":true}]}}