{"id":27346,"date":"2025-06-01T17:27:35","date_gmt":"2025-06-01T14:27:35","guid":{"rendered":"https:\/\/www.univ-oeb.dz\/FLLE\/?p=27346"},"modified":"2025-06-03T00:16:00","modified_gmt":"2025-06-02T21:16:00","slug":"%d8%a7%d9%84%d8%aa%d8%b1%d8%ac%d9%85%d8%a9-%d8%a7%d9%84%d8%b9%d8%a7%d9%85%d8%a9-%d9%88%d8%a7%d9%84%d8%aa%d8%b1%d8%ac%d9%85%d8%a9-%d8%a7%d9%84%d8%a3%d8%af%d8%a8%d9%8a%d8%a9-%d9%88%d8%a7%d9%84%d8%aa","status":"publish","type":"post","link":"https:\/\/www.univ-oeb.dz\/FLLE\/?p=27346","title":{"rendered":"\u0627\u0644\u062a\u0631\u062c\u0645\u0629 \u0627\u0644\u0639\u0627\u0645\u0629 \u0648\u0627\u0644\u062a\u0631\u062c\u0645\u0629 \u0627\u0644\u0623\u062f\u0628\u064a\u0629 \u0648\u0627\u0644\u062a\u0631\u062c\u0645\u0629  \u0627\u0644\u0645\u062a\u062e\u0635\u0635\u0629 \u0648\u0627\u0644\u062a\u0631\u062c\u0645\u0629 \u0627\u0644\u0634\u0641\u0647\u064a\u0629\u060c \u0644\u0644\u062f\u0643\u062a\u0648\u0631 \u0641\u0631\u0627\u0642 \u0641\u0627\u0631\u0633"},"content":{"rendered":"\n<p dir=\"ltr\"><strong>Enseignant :<\/strong> Dr. Faris Ferrag, Facult\u00e9 des lettres et des langues, Universit\u00e9 d\u2019Oum el<br>Bouaghui, D\u00e9partement de Fran\u00e7ais.<br><strong>Module :<\/strong> traduction et interpr\u00e9tariat.<br><strong>Intitul\u00e9:<\/strong> la Traduction g\u00e9n\u00e9rale, La traduction litt\u00e9raire la traduction de sp\u00e9cialit\u00e9 et<br>l\u2019interpr\u00e9tariat<br><strong>Niveau :<\/strong> troisi\u00e8me Ann\u00e9e Licence.<br><strong>Ann\u00e9e Acad\u00e9mique :<\/strong> 2024\/2025. (Semestre 1+2)<\/p>\n\n\n\n<div class=\"wp-block-buttons is-content-justification-center is-layout-flex wp-container-core-buttons-is-layout-16018d1d wp-block-buttons-is-layout-flex\">\n<div class=\"wp-block-button\"><a class=\"wp-block-button__link has-white-color has-text-color has-link-color wp-element-button\" href=\"http:\/\/www.univ-oeb.dz\/FLLE\/wp-content\/uploads\/2025\/06\/polycopie-pedagogique-fares-ferrag-2025-2-2.pdf\">\u062d\u0645\u0644 \u0627\u0644\u0645\u0637\u0628\u0648\u0639\u0629 \u0645\u0646 \u0647\u0646\u0627<\/a><\/div>\n<\/div>\n","protected":false},"excerpt":{"rendered":"<p>la Traduction g\u00e9n\u00e9rale, La traduction litt\u00e9raire la traduction de sp\u00e9cialit\u00e9 et<br \/>\nl\u2019interpr\u00e9tariat<\/p>\n","protected":false},"author":1,"featured_media":23875,"comment_status":"closed","ping_status":"open","sticky":false,"template":"","format":"standard","meta":{"footnotes":""},"categories":[104],"tags":[],"class_list":["post-27346","post","type-post","status-publish","format-standard","has-post-thumbnail","hentry","category-104"],"_links":{"self":[{"href":"https:\/\/www.univ-oeb.dz\/FLLE\/index.php?rest_route=\/wp\/v2\/posts\/27346","targetHints":{"allow":["GET"]}}],"collection":[{"href":"https:\/\/www.univ-oeb.dz\/FLLE\/index.php?rest_route=\/wp\/v2\/posts"}],"about":[{"href":"https:\/\/www.univ-oeb.dz\/FLLE\/index.php?rest_route=\/wp\/v2\/types\/post"}],"author":[{"embeddable":true,"href":"https:\/\/www.univ-oeb.dz\/FLLE\/index.php?rest_route=\/wp\/v2\/users\/1"}],"replies":[{"embeddable":true,"href":"https:\/\/www.univ-oeb.dz\/FLLE\/index.php?rest_route=%2Fwp%2Fv2%2Fcomments&post=27346"}],"version-history":[{"count":3,"href":"https:\/\/www.univ-oeb.dz\/FLLE\/index.php?rest_route=\/wp\/v2\/posts\/27346\/revisions"}],"predecessor-version":[{"id":27351,"href":"https:\/\/www.univ-oeb.dz\/FLLE\/index.php?rest_route=\/wp\/v2\/posts\/27346\/revisions\/27351"}],"wp:featuredmedia":[{"embeddable":true,"href":"https:\/\/www.univ-oeb.dz\/FLLE\/index.php?rest_route=\/wp\/v2\/media\/23875"}],"wp:attachment":[{"href":"https:\/\/www.univ-oeb.dz\/FLLE\/index.php?rest_route=%2Fwp%2Fv2%2Fmedia&parent=27346"}],"wp:term":[{"taxonomy":"category","embeddable":true,"href":"https:\/\/www.univ-oeb.dz\/FLLE\/index.php?rest_route=%2Fwp%2Fv2%2Fcategories&post=27346"},{"taxonomy":"post_tag","embeddable":true,"href":"https:\/\/www.univ-oeb.dz\/FLLE\/index.php?rest_route=%2Fwp%2Fv2%2Ftags&post=27346"}],"curies":[{"name":"wp","href":"https:\/\/api.w.org\/{rel}","templated":true}]}}