{"id":21355,"date":"2024-10-29T00:17:28","date_gmt":"2024-10-28T21:17:28","guid":{"rendered":"https:\/\/www.univ-oeb.dz\/FLLE\/?p=21355"},"modified":"2024-10-30T15:28:27","modified_gmt":"2024-10-30T12:28:27","slug":"21355","status":"publish","type":"post","link":"https:\/\/www.univ-oeb.dz\/FLLE\/?p=21355","title":{"rendered":"\u0625\u0639\u0644\u0627\u0646 \u0644\u0637\u0644\u0628\u0629 \u0633\u0646\u0629 \u062b\u0627\u0646\u064a\u0629 \u0645\u0627\u0633\u062a\u0631 \u0642\u0633\u0645 \u0627\u0644\u0644\u063a\u0629 \u0627\u0644\u0641\u0631\u0646\u0633\u064a\u0629"},"content":{"rendered":"\n<!--more-->\n\n\n\n<p class=\"has-text-align-center has-large-font-size\"><strong>Avis aux \u00e9tudiants de Master 2<\/strong><\/p>\n\n\n\n<p class=\"has-text-align-center\">Nous informons les \u00e9tudiants de M2, orient\u00e9s par l\u2019\u00e9quipe du domaine de formation, qu&#8217;ils sont tenus de contacter leurs encadrants afin de valider leurs avant-projets.<\/p>\n\n\n\n<p class=\"has-text-align-center\">Les encadrants devront d\u00e9poser les avant-projets <strong>au plus tard le 5 novembre.<\/strong><\/p>\n\n\n\n<p class=\"has-text-align-left\"><strong>&nbsp;&nbsp;&nbsp;&nbsp;&nbsp;&nbsp;&nbsp;&nbsp;&nbsp;&nbsp;&nbsp;&nbsp;&nbsp;&nbsp;&nbsp;&nbsp;&nbsp;&nbsp;&nbsp;&nbsp;&nbsp;&nbsp;&nbsp;&nbsp;&nbsp;&nbsp;&nbsp;&nbsp;&nbsp;&nbsp;&nbsp;&nbsp;&nbsp;&nbsp;&nbsp;&nbsp;&nbsp;&nbsp;&nbsp;&nbsp;&nbsp;&nbsp;&nbsp;&nbsp;&nbsp;&nbsp;&nbsp;&nbsp;&nbsp;&nbsp;&nbsp;&nbsp;&nbsp;&nbsp;&nbsp;&nbsp;&nbsp;&nbsp;&nbsp;&nbsp;&nbsp; L\u2019\u00e9quipe du domaine de formation LLE<\/strong><\/p>\n\n\n\n<hr class=\"wp-block-separator has-alpha-channel-opacity is-style-dots\"\/>\n\n\n\n<p class=\"has-text-align-left\"><span class=\"su-highlight\" style=\"background:#0088ff;color:#ffffff\">&nbsp;Sp\u00e9cialit\u00e9: Didactique des langues \u00e9trang\u00e8res&nbsp;<\/span>\n\n\n\n<h2 class=\"wp-block-heading has-text-align-center\">2<strong> Th\u00e8mes des m\u00e9moires de Master <\/strong><\/h2>\n\n\n\n<div class=\"wp-block-buttons is-content-justification-center is-layout-flex wp-container-core-buttons-is-layout-16018d1d wp-block-buttons-is-layout-flex\">\n<div class=\"wp-block-button\"><a class=\"wp-block-button__link wp-element-button\" href=\"http:\/\/www.univ-oeb.dz\/FLLE\/wp-content\/uploads\/2024\/10\/encadrement-Didactique-20252.pdf\">\u062d\u0645\u0644 \u0627\u0644\u0642\u0627\u0626\u0645\u0629 \u0645\u0646 \u0647\u0646\u0627<\/a><\/div>\n<\/div>\n\n\n\n<hr class=\"wp-block-separator has-alpha-channel-opacity is-style-dots\"\/>\n\n\n\n<p class=\"has-text-align-left\"><span class=\"su-highlight\" style=\"background:#0088ff;color:#ffffff\">&nbsp;Sp\u00e9cialit\u00e9 : Litt\u00e9rature g\u00e9n\u00e9rale et compar\u00e9e&nbsp;<\/span>\n\n\n\n<h2 class=\"wp-block-heading has-text-align-center\"><strong>Encadrement des m\u00e9moires de Master 2024\/2025<\/strong><\/h2>\n\n\n\n<div class=\"wp-block-buttons is-content-justification-center is-layout-flex wp-container-core-buttons-is-layout-16018d1d wp-block-buttons-is-layout-flex\">\n<div class=\"wp-block-button\"><a class=\"wp-block-button__link wp-element-button\" href=\"http:\/\/www.univ-oeb.dz\/FLLE\/wp-content\/uploads\/2024\/10\/encadrement-litt-2025.pdf\">\u062d\u0645\u0644 \u0627\u0644\u0642\u0627\u0626\u0645\u0629 \u0645\u0646 \u0647\u0646\u0627<\/a><\/div>\n<\/div>\n","protected":false},"excerpt":{"rendered":"<p>Avis aux \u00e9tudiants de Master 2 Nous informons les \u00e9tudiants de M2, orient\u00e9s par l\u2019\u00e9quipe du domaine de formation, qu&#8217;ils sont tenus de contacter leurs encadrants afin de valider leurs avant-projets. Les encadrants devront d\u00e9poser les avant-projets au plus tard le 5 novembre. &nbsp;&nbsp;&nbsp;&nbsp;&nbsp;&nbsp;&nbsp;&nbsp;&nbsp;&nbsp;&nbsp;&nbsp;&nbsp;&nbsp;&nbsp;&nbsp;&nbsp;&nbsp;&nbsp;&nbsp;&nbsp;&nbsp;&nbsp;&nbsp;&nbsp;&nbsp;&nbsp;&nbsp;&nbsp;&nbsp;&nbsp;&nbsp;&nbsp;&nbsp;&nbsp;&nbsp;&nbsp;&nbsp;&nbsp;&nbsp;&nbsp;&nbsp;&nbsp;&nbsp;&nbsp;&nbsp;&nbsp;&nbsp;&nbsp;&nbsp;&nbsp;&nbsp;&nbsp;&nbsp;&nbsp;&nbsp;&nbsp;&nbsp;&nbsp;&nbsp;&nbsp; L\u2019\u00e9quipe du domaine de formation LLE 2 Th\u00e8mes des m\u00e9moires de Master \u062d\u0645\u0644 \u0627\u0644\u0642\u0627\u0626\u0645\u0629 \u0645\u0646 \u0647\u0646\u0627 Encadrement des m\u00e9moires de Master 2024\/2025 \u062d\u0645\u0644 \u0627\u0644\u0642\u0627\u0626\u0645\u0629 \u0645\u0646 \u0647\u0646\u0627<\/p>\n","protected":false},"author":1,"featured_media":18479,"comment_status":"closed","ping_status":"open","sticky":false,"template":"","format":"standard","meta":{"footnotes":""},"categories":[289],"tags":[72],"class_list":["post-21355","post","type-post","status-publish","format-standard","has-post-thumbnail","hentry","category-289","tag-72"],"_links":{"self":[{"href":"https:\/\/www.univ-oeb.dz\/FLLE\/index.php?rest_route=\/wp\/v2\/posts\/21355","targetHints":{"allow":["GET"]}}],"collection":[{"href":"https:\/\/www.univ-oeb.dz\/FLLE\/index.php?rest_route=\/wp\/v2\/posts"}],"about":[{"href":"https:\/\/www.univ-oeb.dz\/FLLE\/index.php?rest_route=\/wp\/v2\/types\/post"}],"author":[{"embeddable":true,"href":"https:\/\/www.univ-oeb.dz\/FLLE\/index.php?rest_route=\/wp\/v2\/users\/1"}],"replies":[{"embeddable":true,"href":"https:\/\/www.univ-oeb.dz\/FLLE\/index.php?rest_route=%2Fwp%2Fv2%2Fcomments&post=21355"}],"version-history":[{"count":22,"href":"https:\/\/www.univ-oeb.dz\/FLLE\/index.php?rest_route=\/wp\/v2\/posts\/21355\/revisions"}],"predecessor-version":[{"id":21393,"href":"https:\/\/www.univ-oeb.dz\/FLLE\/index.php?rest_route=\/wp\/v2\/posts\/21355\/revisions\/21393"}],"wp:featuredmedia":[{"embeddable":true,"href":"https:\/\/www.univ-oeb.dz\/FLLE\/index.php?rest_route=\/wp\/v2\/media\/18479"}],"wp:attachment":[{"href":"https:\/\/www.univ-oeb.dz\/FLLE\/index.php?rest_route=%2Fwp%2Fv2%2Fmedia&parent=21355"}],"wp:term":[{"taxonomy":"category","embeddable":true,"href":"https:\/\/www.univ-oeb.dz\/FLLE\/index.php?rest_route=%2Fwp%2Fv2%2Fcategories&post=21355"},{"taxonomy":"post_tag","embeddable":true,"href":"https:\/\/www.univ-oeb.dz\/FLLE\/index.php?rest_route=%2Fwp%2Fv2%2Ftags&post=21355"}],"curies":[{"name":"wp","href":"https:\/\/api.w.org\/{rel}","templated":true}]}}